[{"@context":"https:\/\/schema.org\/","@type":"Article","@id":"https:\/\/www.nepalcata.cz\/k-objednavce-kojeneckeho-obleceni-darek-dle-vaseho-vyberu\/#Article","mainEntityOfPage":"https:\/\/www.nepalcata.cz\/k-objednavce-kojeneckeho-obleceni-darek-dle-vaseho-vyberu\/","headline":"K objedn\u00e1vce kojeneck\u00e9ho oble\u010den\u00ed d\u00e1rek dle va\u0161eho v\u00fdb\u011bru!","name":"K objedn\u00e1vce kojeneck\u00e9ho oble\u010den\u00ed d\u00e1rek dle va\u0161eho v\u00fdb\u011bru!","description":"Kojeneckou v\u00fdbavi\u010dku je radost po\u0159izovat. T\u011b\u0161\u00edte se na nov\u00fd p\u0159\u00edr\u016fstek a aby mal\u00e9 v\u011bd\u011blo, \u017ee se na n\u011b t\u011b\u0161\u00edte, m\u011bli byste m\u00edt doma dostate\u010dn\u00fd po\u010det \u201ebod\u00fd\u010dek\u201c, tit\u011brn\u00fdch tri\u010dek a ko\u0161ilek. &hellip; <a href=\"https:\/\/www.nepalcata.cz\/k-objednavce-kojeneckeho-obleceni-darek-dle-vaseho-vyberu\/\" class=\"more-link\">Read More<\/a>","datePublished":"2021-02-22","dateModified":"2023-05-09","author":{"@type":"Person","@id":"https:\/\/www.nepalcata.cz\/author\/#Person","name":"","url":"https:\/\/www.nepalcata.cz\/author\/","identifier":1,"image":{"@type":"ImageObject","@id":"https:\/\/secure.gravatar.com\/avatar\/40308b9402d145b1dc164f447b6506e9dadca8c8362c3ffb52df95e789c0fd10?s=96&d=mm&r=g","url":"https:\/\/secure.gravatar.com\/avatar\/40308b9402d145b1dc164f447b6506e9dadca8c8362c3ffb52df95e789c0fd10?s=96&d=mm&r=g","height":96,"width":96}},"publisher":{"@type":"Organization","name":"nepalcata.cz","logo":{"@type":"ImageObject","@id":"\/logo.png","url":"\/logo.png","width":600,"height":60}},"image":{"@type":"ImageObject","@id":"https:\/\/www.nepalcata.cz\/wp-content\/uploads\/miminko%20v%20r%C5%AF%C5%BEov%C3%A9m.png","url":"https:\/\/www.nepalcata.cz\/wp-content\/uploads\/miminko%20v%20r%C5%AF%C5%BEov%C3%A9m.png","height":0,"width":0},"url":"https:\/\/www.nepalcata.cz\/k-objednavce-kojeneckeho-obleceni-darek-dle-vaseho-vyberu\/","about":["Produkty"],"wordCount":453,"articleBody":"     Kojeneckou v\u00fdbavi\u010dku je radost po\u0159izovat. T\u011b\u0161\u00edte se na nov\u00fd p\u0159\u00edr\u016fstek a aby mal\u00e9 v\u011bd\u011blo, \u017ee se na n\u011b t\u011b\u0161\u00edte, m\u011bli byste m\u00edt doma dostate\u010dn\u00fd po\u010det \u201ebod\u00fd\u010dek\u201c, tit\u011brn\u00fdch tri\u010dek a ko\u0161ilek. Doporu\u010dujeme pro novope\u010den\u00e9 maminky sp\u00ed\u0161e ko\u0161ilky, proto\u017ee se snadn\u011bji obl\u00e9kaj\u00ed a ne\u017e z\u00edsk\u00e1te tu spr\u00e1vnou rutinu, objednejte si jich dostatek. K dal\u0161\u00edmu vybaven\u00ed je pot\u0159eba dokoupit alespo\u0148 p\u011bt kus\u016f dupa\u010dek a upozor\u0148ujeme v\u00e1s, \u017ee budete nad\u0161en\u00e1. Proto\u017ee m\u00e1me tak obrovsk\u00fd v\u00fdb\u011br barevn\u00fdch kombinac\u00ed, kter\u00e9 jsou skute\u010dn\u011b n\u011bkdy a\u017e roztomil\u00e9, p\u0159esto si v\u00e1s dovol\u00edme upozornit, nekupujte jich p\u0159ehr\u0161el. Brzd\u011bte.Proto\u017ee va\u0161e miminko poroste jako z vody a dvacatery dupa\u010dky, by\u0165 \u00fa\u017easn\u00e9 s n\u00e1dhern\u00fdmi motivy, ale v jedn\u00e9 velikosti, skute\u010dn\u011b neunos\u00ed. Nezapome\u0148te, maminky, objednat i kombin\u00e9zku, bavln\u011bn\u00e9 mako \u010depi\u010dky. V zim\u011b myslete na zateplen\u00e9 \u010depi\u010dky a rukavi\u010dky. D\u00e1le do objedn\u00e1vky p\u0159idejte alespo\u0148 t\u0159i kusy kab\u00e1tk\u016f \u010di mikinek anebo svet\u0159\u00edk\u016f. Nezbytn\u00fdm je i overal na spink\u00e1n\u00ed, kalhotky na pl\u00ednky a alespo\u0148 \u010dtvery cap\u00e1\u010dkyP\u0159ipravte si pen\u011b\u017eenku, kter\u00e1 se koup\u00ed v\u00fdbavi\u010dky pro va\u0161i zat\u00edm je\u0161t\u011b nenarozenou ratolest pon\u011bkud zten\u010d\u00ed, ale m\u00e1me pro v\u00e1s skv\u011blou zpr\u00e1vu! D\u00e1rek p\u0159i n\u00e1kupu nad 2500,- K\u010d Kojeneckeobleceni. A v\u00fdb\u011br d\u00e1rku ponech\u00e1me zcela na v\u00e1s, na va\u0161em uv\u00e1\u017een\u00ed. Do internetov\u00e9ho ko\u0161\u00edku nemus\u00edte vkl\u00e1dat jen nutn\u00e9 oble\u010dky pro miminko, kter\u00e9 bude pot\u0159ebovat, ale pro va\u0161i radost klikn\u011bte i na d\u00e1rek, kter\u00fd si vyberete. A m\u016f\u017ee to b\u00fdt lehk\u00e1 h\u0159ejiv\u00e1 kojeneck\u00e1 fleec b\u00edl\u00e1 deka \u2013 to v p\u0159\u00edpad\u011b, \u017ee jste si nenechali prozradit pohlav\u00ed va\u0161eho potomka, kter\u00fd je schovan\u00fd u maminky v b\u0159\u00ed\u0161ku. Pokud ale u\u017e v\u00edte, \u017ee se v\u00e1m narod\u00ed hol\u010di\u010dka, m\u016f\u017eete volit r\u016f\u017eovou fleec deku, ale m\u00e1me v nab\u00eddce i pro chlape\u010dky deku modr\u00e9 barvy. Deka je o rozm\u011bru sedmdes\u00e1t na sedmdes\u00e1t a m\u016f\u017eete ji pou\u017e\u00edt jak do post\u00fdlky, tak i do ko\u010d\u00e1rku. Pokud by v\u00e1m tato nab\u00eddka nevyhovovala, proto\u017ee de\u010dku jste ji\u017e dostali d\u00e1rkem t\u0159eba od babi\u010dky, pak v\u00e1m nab\u00edz\u00edme d\u00e1rek, jakou je sada praktick\u00fdch n\u00e1dobek na j\u00eddlo i s l\u017ei\u010dkou.                                                                                                                                                                                                                                                                                                                                                                                          4\/5 - (5 votes)        "},{"@context":"https:\/\/schema.org\/","@type":"BreadcrumbList","itemListElement":[{"@type":"ListItem","position":1,"name":"K objedn\u00e1vce kojeneck\u00e9ho oble\u010den\u00ed d\u00e1rek dle va\u0161eho v\u00fdb\u011bru!","item":"https:\/\/www.nepalcata.cz\/k-objednavce-kojeneckeho-obleceni-darek-dle-vaseho-vyberu\/#breadcrumbitem"}]}]