[{"@context":"https:\/\/schema.org\/","@type":"Article","@id":"https:\/\/www.nepalcata.cz\/mate-oblibene-rocni-obdobi\/#Article","mainEntityOfPage":"https:\/\/www.nepalcata.cz\/mate-oblibene-rocni-obdobi\/","headline":"M\u00e1te obl\u00edben\u00e9 ro\u010dn\u00ed obdob\u00ed?","name":"M\u00e1te obl\u00edben\u00e9 ro\u010dn\u00ed obdob\u00ed?","description":"\u017dijeme v zem\u011bpisn\u00e9 \u0161\u00ed\u0159ce, kde se st\u0159\u00eddaj\u00ed \u010dty\u0159i ro\u010dn\u00ed obdob\u00ed. V\u0161ichni to zn\u00e1me, jaro, l\u00e9to, podzim, zima. Na\u0161e sk\u0159\u00edn\u011b skr\u00fdvaj\u00ed oble\u010den\u00ed na hork\u00e9 l\u00e9to, upr\u0161en\u00fd podzim, ale i mrazivou zimu. &hellip; <a href=\"https:\/\/www.nepalcata.cz\/mate-oblibene-rocni-obdobi\/\" class=\"more-link\">Read More<\/a>","datePublished":"2022-04-10","dateModified":"2023-05-09","author":{"@type":"Person","@id":"https:\/\/www.nepalcata.cz\/author\/#Person","name":"","url":"https:\/\/www.nepalcata.cz\/author\/","identifier":1,"image":{"@type":"ImageObject","@id":"https:\/\/secure.gravatar.com\/avatar\/40308b9402d145b1dc164f447b6506e9dadca8c8362c3ffb52df95e789c0fd10?s=96&d=mm&r=g","url":"https:\/\/secure.gravatar.com\/avatar\/40308b9402d145b1dc164f447b6506e9dadca8c8362c3ffb52df95e789c0fd10?s=96&d=mm&r=g","height":96,"width":96}},"publisher":{"@type":"Organization","name":"nepalcata.cz","logo":{"@type":"ImageObject","@id":"\/logo.png","url":"\/logo.png","width":600,"height":60}},"image":{"@type":"ImageObject","@id":"https:\/\/www.nepalcata.cz\/wp-content\/uploads\/trees-gb16a534e3_640.jpg","url":"https:\/\/www.nepalcata.cz\/wp-content\/uploads\/trees-gb16a534e3_640.jpg","height":0,"width":0},"url":"https:\/\/www.nepalcata.cz\/mate-oblibene-rocni-obdobi\/","about":["Produkty"],"wordCount":434,"articleBody":"   \u017dijeme v zem\u011bpisn\u00e9 \u0161\u00ed\u0159ce, kde se st\u0159\u00eddaj\u00ed \u010dty\u0159i ro\u010dn\u00ed obdob\u00ed. V\u0161ichni to zn\u00e1me, jaro, l\u00e9to, podzim, zima. Na\u0161e sk\u0159\u00edn\u011b skr\u00fdvaj\u00ed oble\u010den\u00ed na hork\u00e9 l\u00e9to, upr\u0161en\u00fd podzim, ale i mrazivou zimu. Ve sklep\u011b m\u00e1me uskladn\u011bn\u00e1 kola vedle ly\u017e\u00ed, b\u011b\u017eek a s\u00e1n\u011bk a dvakr\u00e1t ro\u010dn\u011b poctiv\u011b p\u0159ehazujeme pneumatiky na\u0161\u00edm aut\u016fm. Ne ka\u017ed\u00fd m\u00e1 r\u00e1d v\u0161echna obdob\u00ed, ale na druhou stranu bychom asi necht\u011bli m\u011bnit s Afrikou, kde nev\u00ed, co je sn\u00edh, nebo ze seversk\u00fdmi zem\u011bmi, kde je zima nebo je\u0161t\u011b v\u011bt\u0161\u00ed zima.M\u00e1te r\u00e1di jaro? P\u0159\u00edroda kone\u010dn\u011b p\u0159estane b\u00fdt \u0161ediv\u00e1 a za\u010dnou se objevovat prvn\u00ed listy, prvn\u00ed kv\u011bty, a i kdy\u017e se r\u00e1di vymlouv\u00e1me na jarn\u00ed \u00fanavu, tak v\u011bt\u0161ina z n\u00e1s za\u010dne m\u00edt mnohem lep\u0161\u00ed n\u00e1ladu, a tak jako v p\u0159\u00edrod\u011b se v\u0161echno nal\u00e9v\u00e1 a pu\u010d\u00ed, tak i do n\u00e1s se naleje nov\u00e1 energie a probouz\u00edme se ze zimn\u00edho sp\u00e1nku.M\u00e1te r\u00e1di l\u00e9to? L\u00e9to m\u00e1me spojen\u00e9 s pr\u00e1zdninami a dovolenou, tak\u017ee i kdy\u017e to nebude t\u0159eba va\u0161e nejobl\u00edben\u011bj\u0161\u00ed obdob\u00ed, ur\u010dit\u011b nebude pat\u0159it k neobl\u00edben\u00e9mu. Letn\u00ed tepl\u00e9 noci, grilova\u010dka na zahrad\u011b, sv\u011btlo do pozdn\u00edch hodin. Hmm, u\u017e aby to bylo! L\u00e9to Promodarky.M\u00e1te r\u00e1di podzim? Pokud p\u0159\u00edroda um\u00ed kouzlit, tak nejv\u011bt\u0161\u00ed kouzla prov\u00e1d\u00ed s barvami na podzim. Proch\u00e1zka listnat\u00fdm lesem, padaj\u00edc\u00ed list\u00ed, paprsky slunce, kter\u00e9 u\u017e nep\u00e1l\u00ed jako v l\u00e9t\u011b, ale st\u00e1le je\u0161t\u011b p\u0159\u00edjemn\u011b h\u0159eje. Srdce fotograf\u016f ples\u00e1, proto\u017ee nejkr\u00e1sn\u011bj\u0161\u00ed fotky vznikaj\u00ed v tomto obdob\u00ed.M\u00e1te r\u00e1di zimu? Tady asi v\u0161ichni odpov\u00edme, \u017ee pokud ano, tak takovou tu Ladovskou, b\u00edlou, zasn\u011b\u017eenou a ur\u010dit\u011b ne, jen \u0161edivou, inverzn\u00ed, kdy na\u0161e n\u00e1lada stejn\u011b jako teplom\u011br kles\u00e1 pod bod mrazu. D\u00edky st\u0159\u00edd\u00e1n\u00ed ro\u010dn\u00edch obdob\u00ed si v\u00edce uv\u011bdomuje, jak ten \u010das let\u00ed. \u0158\u00edk\u00e1me si u\u017e aby bylo l\u00e9to, a on je za chv\u00edli podzim a zima. Ale pokud si najdeme v ka\u017ed\u00e9m ro\u010dn\u00edm obdob\u00ed n\u011bjakou \u010dinnost, n\u011bco, co n\u00e1s bav\u00ed, tak nemus\u00edme \u010dekat jen na to na\u0161e obl\u00edben\u00e9 obdob\u00ed, ale m\u016f\u017eeme si u\u017e\u00edt cel\u00fd rok.                                                                                                                                                                                                                                                                                                                                                                                           3.3\/5 - (7 votes)        "},{"@context":"https:\/\/schema.org\/","@type":"BreadcrumbList","itemListElement":[{"@type":"ListItem","position":1,"name":"M\u00e1te obl\u00edben\u00e9 ro\u010dn\u00ed obdob\u00ed?","item":"https:\/\/www.nepalcata.cz\/mate-oblibene-rocni-obdobi\/#breadcrumbitem"}]}]