[{"@context":"https:\/\/schema.org\/","@type":"Article","@id":"https:\/\/www.nepalcata.cz\/vlci-plache-selmy\/#Article","mainEntityOfPage":"https:\/\/www.nepalcata.cz\/vlci-plache-selmy\/","headline":"Vlci, plach\u00e9 \u0161elmy","name":"Vlci, plach\u00e9 \u0161elmy","description":"\u017de se to u n\u00e1s vlky v minulosti \u201ejen hem\u017eilo\u201c sv\u011bd\u010d\u00ed jm\u00e9na obc\u00ed jako jsou Vlkovi, Vl\u010dkovice, Vl\u010dnov a jin\u00e9. \u00a0 Vlci v \u010cech\u00e1ch V na\u0161\u00ed zemi vl\u010d\u00ed sme\u010dky trvale &hellip; <a href=\"https:\/\/www.nepalcata.cz\/vlci-plache-selmy\/\" class=\"more-link\">Read More<\/a>","datePublished":"2023-05-09","dateModified":"2023-05-09","author":{"@type":"Person","@id":"https:\/\/www.nepalcata.cz\/author\/#Person","name":"","url":"https:\/\/www.nepalcata.cz\/author\/","identifier":1,"image":{"@type":"ImageObject","@id":"https:\/\/secure.gravatar.com\/avatar\/40308b9402d145b1dc164f447b6506e9dadca8c8362c3ffb52df95e789c0fd10?s=96&d=mm&r=g","url":"https:\/\/secure.gravatar.com\/avatar\/40308b9402d145b1dc164f447b6506e9dadca8c8362c3ffb52df95e789c0fd10?s=96&d=mm&r=g","height":96,"width":96}},"publisher":{"@type":"Organization","name":"nepalcata.cz","logo":{"@type":"ImageObject","@id":"\/logo.png","url":"\/logo.png","width":600,"height":60}},"image":{"@type":"ImageObject","@id":"https:\/\/www.nepalcata.cz\/wp-content\/uploads\/img_a329410_w2734_t1541864785.jpg","url":"https:\/\/www.nepalcata.cz\/wp-content\/uploads\/img_a329410_w2734_t1541864785.jpg","height":0,"width":0},"url":"https:\/\/www.nepalcata.cz\/vlci-plache-selmy\/","wordCount":449,"articleBody":"\u017de se to u n\u00e1s vlky v minulosti \u201ejen hem\u017eilo\u201c sv\u011bd\u010d\u00ed jm\u00e9na obc\u00ed jako jsou Vlkovi, Vl\u010dkovice, Vl\u010dnov a jin\u00e9.\u00a0Vlci v \u010cech\u00e1chV na\u0161\u00ed zemi vl\u010d\u00ed sme\u010dky trvale bydlely v d\u0159\u00edv\u011bj\u0161\u00edch dob\u00e1ch v les\u00edch dne\u0161n\u00edch Chr\u00e1n\u011bn\u00fdch krajinn\u00fdch oblast\u00ed Kru\u0161n\u00e9 hory, Severn\u00ed \u010cechy, Broumovsko a samoz\u0159ejm\u011b hvozdech dne\u0161n\u00edho CHKO \u0160umava a CHKO Beskydy. Dnes bychom je na\u0161li v mal\u00e9m po\u010dtu v Beskydech a dle odborn\u00edk\u016f i na \u0160umav\u011b.Sem se vr\u00e1tili po dlouh\u00e9 dob\u011b (posledn\u00edho vlka zde pr\u00fd zast\u0159elili v roce 1874). Zoologov\u00e9 zjistili jejich nov\u00fd v\u00fdskyt pomoc\u00ed foto past\u00ed. Objevili tak t\u0159i vl\u010d\u00ed \u0161t\u011b\u0148ata. I s rodi\u010di by to bylo tedy p\u011bt jedinc\u016f, ale p\u0159esn\u00fd po\u010det zn\u00e1m nen\u00ed. Podle odborn\u00edk\u016f je v podm\u00ednk\u00e1ch st\u0159edn\u00ed Evropy teritorium vl\u010d\u00ed sme\u010dky velk\u00e9 250 kilometr\u016f \u010dtvere\u010dn\u00edch. Na \u0160umavu se tedy pohodln\u011b vejdou sme\u010dky t\u0159i.\u00a0Jak funguje vl\u010d\u00ed sme\u010dkaSme\u010dky vlk\u016f jsou velice dob\u0159e organizovan\u00e9. Na vrcholu hierarchie stoj\u00ed vl\u010d\u00ed p\u00e1r \u201ealfa\u201c. Tento p\u00e1r je spolu obvykle po celou dobu \u017eivota. Jejich potomci jsou pak na pozic\u00edch \u201ebeta\u201c a\u017e \u201eomega\u201c. N\u011bkdy sme\u010dku dopl\u0148uj\u00ed i vlci, kte\u0159\u00ed nejsou s rodinkou p\u0159\u00edbuzn\u00ed. Tak\u00e9 se st\u00e1v\u00e1, \u017ee n\u011bkte\u0159\u00ed jedinci \u017eij\u00ed n\u011bjak\u00fd \u010das osam\u011ble nebo v osam\u011bl\u00fdch p\u00e1rech. Vlci \u201ealfa\u201c jsou v\u016fdci a rozmno\u017euj\u00ed se. \u201eBety\u201c jsou obr\u00e1nci sme\u010dky. \u201eGamy\u201c a dal\u0161\u00ed pak p\u0159edev\u0161\u00edm lov\u00ed a tak\u00e9 maj\u00ed na starosti ml\u00e1\u010fata. Zvl\u00e1\u0161tn\u00ed roli maj\u00ed vlci na posledn\u00ed pozici, tzv. \u201eomegy\u201c. Jsou to takov\u00ed bavi\u010di, uvol\u0148uj\u00ed tak nap\u011bt\u00ed a zabra\u0148uj\u00ed p\u0159\u00edpadn\u00fdm poty\u010dk\u00e1m. \u010clenov\u00e9 jednotliv\u00fdch skupin se \u010dasem mohou obm\u011b\u0148ovat. Sme\u010dky m\u016f\u017eou m\u00edt a\u017e pades\u00e1t \u010dlen\u016f, nej\u010dast\u011bj\u0161\u00ed je ov\u0161em po\u010det asi p\u011bt a\u017e jeden\u00e1ct.\u00a0Vlci jako \u0161elmy plach\u00e9 i \u201e\u010f\u00e1belsk\u00e9\u201cVlci jsou lidmi obdivov\u00e1ni a z\u00e1rove\u0148 tak\u00e9 nen\u00e1vid\u011bni.\u00a0 \u00dactu a respekt k nim chovaly v Evrop\u011b germ\u00e1nsk\u00e9 i slovansk\u00e9 n\u00e1rody, a tak\u00e9 severoamerick\u00e9 indi\u00e1nsk\u00e9 kmeny. Jak se v\u0161ak rozv\u00edjela z\u00e1padn\u00ed civilizace, dostala tato plach\u00e1 zv\u00ed\u0159ata n\u00e1lepku zl\u00fdch, p\u0159\u00edmo \u010f\u00e1belsk\u00fdch stvo\u0159en\u00ed, kter\u00e1 trhaj\u00ed na potk\u00e1n\u00ed ovce, kozy i lidi. Obr\u00e1zek krvela\u010dn\u00fdch besti\u00ed dokresloval t\u00e9\u017e fenom\u00e9n vlkodlak\u016f, podporov\u00e1n i autory liter\u00e1rn\u00edch d\u011bl a film\u016f. A vlci za\u010dali b\u00fdt hodn\u011b pron\u00e1sledov\u00e1ni.                                                                                                                                                                                                                                                                                                                                                                                        4.8\/5 - (9 votes)        "},{"@context":"https:\/\/schema.org\/","@type":"BreadcrumbList","itemListElement":[{"@type":"ListItem","position":1,"name":"Vlci, plach\u00e9 \u0161elmy","item":"https:\/\/www.nepalcata.cz\/vlci-plache-selmy\/#breadcrumbitem"}]}]